{"id":60,"date":"2018-03-26T16:14:13","date_gmt":"2018-03-26T14:14:13","guid":{"rendered":"http:\/\/audreymeline.com\/?p=60"},"modified":"2025-07-20T15:00:06","modified_gmt":"2025-07-20T13:00:06","slug":"audrey-meline","status":"publish","type":"post","link":"https:\/\/audreymeline.com\/index.php\/2018\/03\/26\/audrey-meline\/","title":{"rendered":"Audrey M\u00e9line"},"content":{"rendered":"<p>Audrey M\u00e9line vit et travaille \u00e0 Carcassonne, elle est dipl\u00f4m\u00e9e de la Hear<br \/>(Haute \u00e9cole des Arts du Rhin), anciennement les Arts D\u00e9coratifs, depuis 2010.<br \/>\u00c0 travers le design et le graphisme elle a questionn\u00e9 la place de l&#8217;objet dans notre soci\u00e9t\u00e9 par le conseil strat\u00e9gique et stylistique au sein de l&#8217;agence Nelly Rodi \u00e0 Paris, mais aussi aujourd&#8217;hui dans son enseignement \u00e0 Carcassonne, comme dans ses productions personnelles.<\/p>\n<p>Elle a eu l&#8217;occasion d&#8217; exposer &#8220;Cubox&#8221; en 2011, au salon Maison &amp; Objet dans l&#8217;espace tendance &#8220;Nelly Rodi&#8221;, ainsi qu&#8217;\u00e0 la boutique de design Gambs \u00e0 Paris.<\/p>\n<p><img decoding=\"async\" loading=\"lazy\" class=\"alignnone wp-image-169 size-full\" src=\"http:\/\/audreymeline.com\/wp-content\/uploads\/2018\/03\/417020-salon-maison-objet-permis-createur.jpg\" alt=\"\" width=\"922\" height=\"615\" srcset=\"https:\/\/audreymeline.com\/wp-content\/uploads\/2018\/03\/417020-salon-maison-objet-permis-createur.jpg 922w, https:\/\/audreymeline.com\/wp-content\/uploads\/2018\/03\/417020-salon-maison-objet-permis-createur-300x200.jpg 300w, https:\/\/audreymeline.com\/wp-content\/uploads\/2018\/03\/417020-salon-maison-objet-permis-createur-768x512.jpg 768w\" sizes=\"(max-width: 922px) 100vw, 922px\" \/><\/p>\n<p><img decoding=\"async\" loading=\"lazy\" class=\"alignnone size-large wp-image-170\" src=\"http:\/\/audreymeline.com\/wp-content\/uploads\/2018\/03\/Gambs-1024x576.jpg\" alt=\"\" width=\"700\" height=\"394\" srcset=\"https:\/\/audreymeline.com\/wp-content\/uploads\/2018\/03\/Gambs-1024x576.jpg 1024w, https:\/\/audreymeline.com\/wp-content\/uploads\/2018\/03\/Gambs-300x169.jpg 300w, https:\/\/audreymeline.com\/wp-content\/uploads\/2018\/03\/Gambs-768x432.jpg 768w\" sizes=\"(max-width: 700px) 100vw, 700px\" \/><\/p>\n<p>En 2017, elle a pr\u00e9sent\u00e9 &#8220;L.H.O.O.Q.&#8221; dans une exposition collective<br \/>&#8220;Mod\u00e8le certifi\u00e9&#8221;, en collaboration avec Nicolas Daubanes, \u00e0 la Maison des M\u00e9moires \u00e0 Carcassonne.<\/p>\n<p>En 2025, elle a pr\u00e9sent\u00e9 &#8220;R\u00e9alit\u00e9 augment\u00e9e&#8221;, lors d&#8217;une exposition collective des enseignants de l&#8217;\u00e9cole des Beaux-Arts de Carcassonne agglo \u00e0 l&#8217;abbaye de Caunes-Minervois.<\/p>\n\n\n<figure class=\"wp-block-image size-full\"><img decoding=\"async\" loading=\"lazy\" width=\"787\" height=\"591\" src=\"http:\/\/audreymeline.com\/wp-content\/uploads\/2018\/03\/2025-04-04-NM4-EXPO-IPHONE-AL-49.jpg\" alt=\"\" class=\"wp-image-383\" srcset=\"https:\/\/audreymeline.com\/wp-content\/uploads\/2018\/03\/2025-04-04-NM4-EXPO-IPHONE-AL-49.jpg 787w, https:\/\/audreymeline.com\/wp-content\/uploads\/2018\/03\/2025-04-04-NM4-EXPO-IPHONE-AL-49-300x225.jpg 300w, https:\/\/audreymeline.com\/wp-content\/uploads\/2018\/03\/2025-04-04-NM4-EXPO-IPHONE-AL-49-768x577.jpg 768w\" sizes=\"(max-width: 787px) 100vw, 787px\" \/><\/figure>\n","protected":false},"excerpt":{"rendered":"<p>Audrey M\u00e9line vit et travaille \u00e0 Carcassonne, elle est dipl\u00f4m\u00e9e de la Hear(Haute \u00e9cole des Arts&hellip;<\/p>\n","protected":false},"author":1,"featured_media":166,"comment_status":"closed","ping_status":"closed","sticky":false,"template":"","format":"standard","meta":[],"categories":[8],"tags":[],"_links":{"self":[{"href":"https:\/\/audreymeline.com\/index.php\/wp-json\/wp\/v2\/posts\/60"}],"collection":[{"href":"https:\/\/audreymeline.com\/index.php\/wp-json\/wp\/v2\/posts"}],"about":[{"href":"https:\/\/audreymeline.com\/index.php\/wp-json\/wp\/v2\/types\/post"}],"author":[{"embeddable":true,"href":"https:\/\/audreymeline.com\/index.php\/wp-json\/wp\/v2\/users\/1"}],"replies":[{"embeddable":true,"href":"https:\/\/audreymeline.com\/index.php\/wp-json\/wp\/v2\/comments?post=60"}],"version-history":[{"count":6,"href":"https:\/\/audreymeline.com\/index.php\/wp-json\/wp\/v2\/posts\/60\/revisions"}],"predecessor-version":[{"id":384,"href":"https:\/\/audreymeline.com\/index.php\/wp-json\/wp\/v2\/posts\/60\/revisions\/384"}],"wp:featuredmedia":[{"embeddable":true,"href":"https:\/\/audreymeline.com\/index.php\/wp-json\/wp\/v2\/media\/166"}],"wp:attachment":[{"href":"https:\/\/audreymeline.com\/index.php\/wp-json\/wp\/v2\/media?parent=60"}],"wp:term":[{"taxonomy":"category","embeddable":true,"href":"https:\/\/audreymeline.com\/index.php\/wp-json\/wp\/v2\/categories?post=60"},{"taxonomy":"post_tag","embeddable":true,"href":"https:\/\/audreymeline.com\/index.php\/wp-json\/wp\/v2\/tags?post=60"}],"curies":[{"name":"wp","href":"https:\/\/api.w.org\/{rel}","templated":true}]}}