{"id":251,"date":"2023-02-12T15:23:25","date_gmt":"2023-02-12T14:23:25","guid":{"rendered":"http:\/\/audreymeline.com\/?p=251"},"modified":"2023-02-12T16:27:41","modified_gmt":"2023-02-12T15:27:41","slug":"noire-montagne-edition","status":"publish","type":"post","link":"https:\/\/audreymeline.com\/index.php\/2023\/02\/12\/noire-montagne-edition\/","title":{"rendered":"Noire Montagne &#8211; \u00e9dition"},"content":{"rendered":"\n<p>En 2020, avec une \u00e9quipe d\u2019enseignants de l\u2019\u00c9cole des Beaux-Arts de Carcassonne agglo et le directeur de l\u2019\u00e9cole, nous avons entrepris l\u2019\u00e9dition d\u2019une revue annuelle. Cette revue met en avant des projets men\u00e9s par l\u2019\u00c9cole des Beaux-Arts, sur une th\u00e9matique, un questionnement autours de la peinture. <\/p>\n\n\n\n<p>Une r\u00e9sidence d\u2019artiste qui chaque ann\u00e9e \u00e0 lieu dans une commune du territoire, une exposition avec des \u0153uvres pr\u00eat\u00e9es par Les Abattoirs, Mus\u00e9e &#8211; Frac Occitanie de Toulouse, une partie de recherches et questionnements, un cahier des cr\u00e9ations des \u00e9l\u00e8ves de la classe PR\u00c9PARATOIRE aux \u00c9coles Sup\u00e9rieures d\u2019Art et une chronique des \u00e9v\u00e8nements de l\u2019\u00e9cole annexes.<\/p>\n\n\n\n<p>DIRECTEUR DE LA PUBLICATION : Alain Fabre<br>R\u00c9DACTEUR EN CHEF : Alain Garrigue<br>DIRECTRICE ARTISTIQUE ET MAQUETTE : Audrey M\u00e9line<\/p>\n\n\n\n<figure class=\"is-layout-flex wp-block-gallery-1 wp-block-gallery has-nested-images columns-default is-cropped\">\n<figure class=\"wp-block-image size-large\"><img decoding=\"async\" loading=\"lazy\" width=\"1024\" height=\"884\" data-id=\"253\"  src=\"http:\/\/audreymeline.com\/wp-content\/uploads\/2023\/02\/Noire-Montagne-1-1024x884.jpg\" alt=\"\" class=\"wp-image-253\" srcset=\"https:\/\/audreymeline.com\/wp-content\/uploads\/2023\/02\/Noire-Montagne-1-1024x884.jpg 1024w, https:\/\/audreymeline.com\/wp-content\/uploads\/2023\/02\/Noire-Montagne-1-300x259.jpg 300w, https:\/\/audreymeline.com\/wp-content\/uploads\/2023\/02\/Noire-Montagne-1-768x663.jpg 768w, https:\/\/audreymeline.com\/wp-content\/uploads\/2023\/02\/Noire-Montagne-1.jpg 1181w\" sizes=\"(max-width: 1024px) 100vw, 1024px\" \/><\/figure>\n\n\n\n<figure class=\"wp-block-image size-large\"><img decoding=\"async\" loading=\"lazy\" width=\"961\" height=\"1024\" data-id=\"256\"  src=\"http:\/\/audreymeline.com\/wp-content\/uploads\/2023\/02\/Noire-Montagne-2-961x1024.jpg\" alt=\"\" class=\"wp-image-256\" srcset=\"https:\/\/audreymeline.com\/wp-content\/uploads\/2023\/02\/Noire-Montagne-2-961x1024.jpg 961w, https:\/\/audreymeline.com\/wp-content\/uploads\/2023\/02\/Noire-Montagne-2-281x300.jpg 281w, https:\/\/audreymeline.com\/wp-content\/uploads\/2023\/02\/Noire-Montagne-2-768x819.jpg 768w, https:\/\/audreymeline.com\/wp-content\/uploads\/2023\/02\/Noire-Montagne-2.jpg 1181w\" sizes=\"(max-width: 961px) 100vw, 961px\" \/><\/figure>\n\n\n\n<figure class=\"wp-block-image size-large\"><img decoding=\"async\" loading=\"lazy\" width=\"1024\" height=\"958\" data-id=\"254\"  src=\"http:\/\/audreymeline.com\/wp-content\/uploads\/2023\/02\/Noire-Montagne-3-1-1024x958.jpg\" alt=\"\" class=\"wp-image-254\" srcset=\"https:\/\/audreymeline.com\/wp-content\/uploads\/2023\/02\/Noire-Montagne-3-1-1024x958.jpg 1024w, https:\/\/audreymeline.com\/wp-content\/uploads\/2023\/02\/Noire-Montagne-3-1-300x281.jpg 300w, https:\/\/audreymeline.com\/wp-content\/uploads\/2023\/02\/Noire-Montagne-3-1-768x719.jpg 768w, https:\/\/audreymeline.com\/wp-content\/uploads\/2023\/02\/Noire-Montagne-3-1.jpg 1182w\" sizes=\"(max-width: 1024px) 100vw, 1024px\" \/><\/figure>\n\n\n\n<figure class=\"wp-block-image size-large\"><img decoding=\"async\" loading=\"lazy\" width=\"1024\" height=\"887\" data-id=\"255\"  src=\"http:\/\/audreymeline.com\/wp-content\/uploads\/2023\/02\/Noire-Montagne-5-1024x887.jpg\" alt=\"\" class=\"wp-image-255\" srcset=\"https:\/\/audreymeline.com\/wp-content\/uploads\/2023\/02\/Noire-Montagne-5-1024x887.jpg 1024w, https:\/\/audreymeline.com\/wp-content\/uploads\/2023\/02\/Noire-Montagne-5-300x260.jpg 300w, https:\/\/audreymeline.com\/wp-content\/uploads\/2023\/02\/Noire-Montagne-5-768x665.jpg 768w, https:\/\/audreymeline.com\/wp-content\/uploads\/2023\/02\/Noire-Montagne-5.jpg 1181w\" sizes=\"(max-width: 1024px) 100vw, 1024px\" \/><\/figure>\n<\/figure>\n","protected":false},"excerpt":{"rendered":"<p>En 2020, avec une \u00e9quipe d\u2019enseignants de l\u2019\u00c9cole des Beaux-Arts de Carcassonne agglo et le directeur&hellip;<\/p>\n","protected":false},"author":1,"featured_media":252,"comment_status":"closed","ping_status":"closed","sticky":false,"template":"","format":"standard","meta":[],"categories":[3],"tags":[],"_links":{"self":[{"href":"https:\/\/audreymeline.com\/index.php\/wp-json\/wp\/v2\/posts\/251"}],"collection":[{"href":"https:\/\/audreymeline.com\/index.php\/wp-json\/wp\/v2\/posts"}],"about":[{"href":"https:\/\/audreymeline.com\/index.php\/wp-json\/wp\/v2\/types\/post"}],"author":[{"embeddable":true,"href":"https:\/\/audreymeline.com\/index.php\/wp-json\/wp\/v2\/users\/1"}],"replies":[{"embeddable":true,"href":"https:\/\/audreymeline.com\/index.php\/wp-json\/wp\/v2\/comments?post=251"}],"version-history":[{"count":4,"href":"https:\/\/audreymeline.com\/index.php\/wp-json\/wp\/v2\/posts\/251\/revisions"}],"predecessor-version":[{"id":286,"href":"https:\/\/audreymeline.com\/index.php\/wp-json\/wp\/v2\/posts\/251\/revisions\/286"}],"wp:featuredmedia":[{"embeddable":true,"href":"https:\/\/audreymeline.com\/index.php\/wp-json\/wp\/v2\/media\/252"}],"wp:attachment":[{"href":"https:\/\/audreymeline.com\/index.php\/wp-json\/wp\/v2\/media?parent=251"}],"wp:term":[{"taxonomy":"category","embeddable":true,"href":"https:\/\/audreymeline.com\/index.php\/wp-json\/wp\/v2\/categories?post=251"},{"taxonomy":"post_tag","embeddable":true,"href":"https:\/\/audreymeline.com\/index.php\/wp-json\/wp\/v2\/tags?post=251"}],"curies":[{"name":"wp","href":"https:\/\/api.w.org\/{rel}","templated":true}]}}